{"id":14985,"date":"2026-09-03T20:06:58","date_gmt":"2026-09-03T18:06:58","guid":{"rendered":"https:\/\/www.a-pl.it\/main\/?p=14985"},"modified":"2026-09-03T20:17:42","modified_gmt":"2026-09-03T18:17:42","slug":"disposizioni-in-materia-di-attivita-dindagine-in-presenza-di-cause-di-giustificazione-recate-dal-decreto-sicurezza-2026","status":"publish","type":"post","link":"https:\/\/www.a-pl.it\/main\/disposizioni-in-materia-di-attivita-dindagine-in-presenza-di-cause-di-giustificazione-recate-dal-decreto-sicurezza-2026\/","title":{"rendered":"Disposizioni in materia di attivit\u00e0 d&#8217;indagine in presenza di cause di giustificazione recate dal decreto sicurezza 2026"},"content":{"rendered":"\t\t<div data-elementor-type=\"wp-post\" data-elementor-id=\"14985\" class=\"elementor elementor-14985\" data-elementor-post-type=\"post\">\n\t\t\t\t\t\t<section class=\"elementor-section elementor-top-section elementor-element elementor-element-eaaf55f elementor-section-boxed elementor-section-height-default elementor-section-height-default\" data-id=\"eaaf55f\" data-element_type=\"section\" data-e-type=\"section\">\n\t\t\t\t\t\t<div class=\"elementor-container elementor-column-gap-default\">\n\t\t\t\t\t<div class=\"elementor-column elementor-col-100 elementor-top-column elementor-element elementor-element-9caee20\" data-id=\"9caee20\" data-element_type=\"column\" data-e-type=\"column\">\n\t\t\t<div class=\"elementor-widget-wrap elementor-element-populated\">\n\t\t\t\t\t\t<div class=\"elementor-element elementor-element-d449079 elementor-button-success elementor-align-left elementor-widget__width-inherit elementor-widget elementor-widget-button\" data-id=\"d449079\" data-element_type=\"widget\" data-e-type=\"widget\" data-widget_type=\"button.default\">\n\t\t\t\t<div class=\"elementor-widget-container\">\n\t\t\t\t\t\t\t\t\t<div class=\"elementor-button-wrapper\">\n\t\t\t\t\t<a class=\"elementor-button elementor-button-link elementor-size-sm\" href=\"https:\/\/www.a-pl.it\/main\/wp-content\/uploads\/2026\/09\/Disposizioni-attivita-indagine.pdf\">\n\t\t\t\t\t\t<span class=\"elementor-button-content-wrapper\">\n\t\t\t\t\t\t\t\t\t<span class=\"elementor-button-text\">Scarica l'articolo in PDF!<\/span>\n\t\t\t\t\t<\/span>\n\t\t\t\t\t<\/a>\n\t\t\t\t<\/div>\n\t\t\t\t\t\t\t\t<\/div>\n\t\t\t\t<\/div>\n\t\t\t\t<div class=\"elementor-element elementor-element-d28b12c elementor-widget elementor-widget-spacer\" data-id=\"d28b12c\" data-element_type=\"widget\" data-e-type=\"widget\" data-widget_type=\"spacer.default\">\n\t\t\t\t<div class=\"elementor-widget-container\">\n\t\t\t\t\t\t\t<div class=\"elementor-spacer\">\n\t\t\t<div class=\"elementor-spacer-inner\"><\/div>\n\t\t<\/div>\n\t\t\t\t\t\t<\/div>\n\t\t\t\t<\/div>\n\t\t\t\t\t<\/div>\n\t\t<\/div>\n\t\t\t\t\t<\/div>\n\t\t<\/section>\n\t\t\t\t<section class=\"elementor-section elementor-top-section elementor-element elementor-element-2f81dd3 elementor-section-boxed elementor-section-height-default elementor-section-height-default\" data-id=\"2f81dd3\" data-element_type=\"section\" data-e-type=\"section\">\n\t\t\t\t\t\t<div class=\"elementor-container elementor-column-gap-default\">\n\t\t\t\t\t<div class=\"elementor-column elementor-col-100 elementor-top-column elementor-element elementor-element-d264f2b\" data-id=\"d264f2b\" data-element_type=\"column\" data-e-type=\"column\">\n\t\t\t<div class=\"elementor-widget-wrap\">\n\t\t\t\t\t\t\t<\/div>\n\t\t<\/div>\n\t\t\t\t\t<\/div>\n\t\t<\/section>\n\t\t\t\t<section class=\"elementor-section elementor-top-section elementor-element elementor-element-758865e elementor-section-boxed elementor-section-height-default elementor-section-height-default\" data-id=\"758865e\" data-element_type=\"section\" data-e-type=\"section\">\n\t\t\t\t\t\t<div class=\"elementor-container elementor-column-gap-default\">\n\t\t\t\t\t<div class=\"elementor-column elementor-col-100 elementor-top-column elementor-element elementor-element-02a4b95\" data-id=\"02a4b95\" data-element_type=\"column\" data-e-type=\"column\">\n\t\t\t<div class=\"elementor-widget-wrap elementor-element-populated\">\n\t\t\t\t\t\t<div class=\"elementor-element elementor-element-cb75670 elementor-widget elementor-widget-text-editor\" data-id=\"cb75670\" data-element_type=\"widget\" data-e-type=\"widget\" data-widget_type=\"text-editor.default\">\n\t\t\t\t<div class=\"elementor-widget-container\">\n\t\t\t\t\t\t\t\t\t<h1 class=\"p1\"><b>Disposizioni in materia di attivit\u00e0 d&#8217;indagine in presenza di cause di giustificazione <\/b><b>recate dal decreto sicurezza 2026<\/b><\/h1><p>\u00a0<\/p><p class=\"p3\">Il D.L. 24\/2\/2026 n. 23, recante <i>Disposizioni urgenti in materia di sicurezza pubblica, di attivit\u00e0 di indagine dell&#8217;autorit\u00e0 giudiziaria in presenza di cause di giustificazione, di funzionalit\u00e0 delle forze di polizia e del Ministero dell&#8217;interno, nonch\u00e9 di immigrazione e protezione internazionale<\/i>, convertito con modifiche nella L. 24\/4\/2026 n. 54, ha introdotto significative modifiche in materia.<\/p><p class=\"p4\"><i><span class=\"Apple-converted-space\">\u00a0<\/span><\/i><\/p><p class=\"p1\"><b>Modifiche al <i>codice di procedura penale<\/i><\/b><\/p><p class=\"p5\">Art. 335<\/p><p class=\"p5\">Registro delle notizie di reato<\/p><p class=\"p6\">1. Il pubblico ministero iscrive immediatamente, nell&#8217;apposito registro custodito presso l&#8217;ufficio, ogni notizia di reato che gli perviene o che ha acquisito di propria iniziativa, contenente la rappresentazione di un fatto, determinato e non inverosimile, riconducibile in ipotesi a una fattispecie incriminatrice. Nell&#8217;iscrizione sono indicate, ove risultino, le circostanze di tempo e di luogo del fatto.<span class=\"Apple-converted-space\">\u00a0<\/span><\/p><p class=\"p6\">1-bis. Il pubblico ministero provvede all&#8217;iscrizione del nome della persona alla quale il reato \u00e8 attribuito non appena risultino, contestualmente all&#8217;iscrizione della notizia di reato o successivamente, indizi a suo carico.<span class=\"Apple-converted-space\">\u00a0<\/span><\/p><p class=\"p6\"><b>1-bis.1. Tuttavia, quando appare evidente che il fatto \u00e8 stato compiuto in presenza di una causa di giustificazione, il pubblico ministero procede all&#8217;annotazione preliminare, in separato modello, del nome della persona cui \u00e8 attribuito il fatto medesimo. In tal caso, non si applica la disposizione di cui al comma 1-bis.<span class=\"Apple-converted-space\">\u00a0<\/span><\/b><\/p><p class=\"p6\">(omissis)<\/p><p class=\"p5\"><b>Art. 335-quinquies<\/b><\/p><p class=\"p5\"><b>Attivit\u00e0 di indagine in presenza di cause di giustificazione<\/b><\/p><p class=\"p6\"><b>1. Nei casi di cui all&#8217;articolo 335, comma 1-bis.1, alla persona cui \u00e8 attribuito il fatto in presenza di una causa di giustificazione si applicano le disposizioni sui diritti e sulle garanzie della persona sottoposta alle indagini preliminari e ogni altra disposizione ad essa relativa.<span class=\"Apple-converted-space\">\u00a0<\/span><\/b><\/p><p class=\"p6\"><b>2. Nei medesimi casi di cui al comma 1, quando non \u00e8 necessario procedere al compimento di ulteriori accertamenti, il pubblico ministero assume le proprie determinazioni in ordine alla richiesta di archiviazione senza ritardo e comunque entro trenta giorni dall&#8217;annotazione preliminare ai sensi dell&#8217;articolo 335, comma 1-bis.1. Nei casi in cui ritenga necessario procedere al compimento di ulteriori accertamenti, compresi quelli da svolgere con le forme di cui all&#8217;articolo 360, il pubblico ministero provvede senza ritardo e comunque entro centoventi giorni dall&#8217;annotazione preliminare ai sensi dell&#8217;articolo 335, comma 1-bis.1. All&#8217;esito, ove non abbia provveduto ai sensi dei commi 3 e 4 del presente articolo, il pubblico ministero assume le proprie determinazioni in ordine alla richiesta di archiviazione entro il termine di ulteriori trenta giorni.<span class=\"Apple-converted-space\">\u00a0<\/span><\/b><\/p><p class=\"p6\"><b>3. Quando si procede ad incidente probatorio il pubblico ministero provvede all&#8217;iscrizione del nome della persona nel registro di cui all&#8217;articolo 335, comma 1-bis.<span class=\"Apple-converted-space\">\u00a0<\/span><\/b><\/p><p class=\"p6\"><b>4. Se il pubblico ministero procede all&#8217;iscrizione ai sensi dell&#8217;articolo 335, comma 1-bis, i termini di cui all&#8217;articolo 405 decorrono dalla data dell&#8217;annotazione preliminare ai sensi dell&#8217;articolo 335, comma 1-bis.1.<\/b><\/p><p class=\"p8\"><b>Il nuovo istituto dell\u2019annotazione preliminare<span class=\"Apple-converted-space\">\u00a0<\/span><\/b><\/p><p class=\"p3\">L\u2019art. 12 c. 1 D.L. 23\/2026, inserisce il nuovo comma 1-<i>bis<\/i>.1 nell\u2019art. 335 ai sensi del quale, per evitare l\u2019effetto stigmatizzante riconnesso all\u2019iscrizione indebita nel registro degli indagati come atto dovuto, qualora appaia \u201cevidente\u201d che un fatto riconducibile a una fattispecie incriminatrice sia stato compiuto in presenza di una causa di giustificazione, il pubblico ministero &#8211; anzich\u00e9 iscrivere il nome della persona alla quale \u00e8 attribuita la <i>notitia criminis<\/i> nel registro delle notizie di reato (R.G.N.R. mod. 21 e 45) &#8211; procede a un&#8217;alternativa annotazione preliminare, in modello separato.<span class=\"Apple-converted-space\">\u00a0<\/span><\/p><p class=\"p3\">Il codice penale non reca una definizione della nozione di \u201ccausa di giustificazione\u201d; la locuzione &#8211; di creazione della dottrina penalistica &#8211; intende riferirsi a quelle situazioni (c.d. scriminanti, cause di esclusione dell\u2019antigiuridicit\u00e0) che rendono lecito un comportamento che normalmente costituirebbe reato, previste dagli artt. 50-54 c.p. (consenso dell&#8217;avente diritto; esercizio di un diritto o adempimento di un dovere; difesa legittima; uso legittimo delle armi; stato di necessit\u00e0).<\/p><p class=\"p3\">Lo spazio applicativo della nuova annotazione non risulta di facile comprensione. Infatti, poich\u00e9 il comma 1-<i>bis<\/i> dell\u2019art. 335 prevede che il P.M. procede all&#8217;iscrizione del nome della persona alla quale il reato \u00e8 attribuito non appena risultino indizi a suo carico, l\u2019evidente sussistenza della scriminante (quale elemento negativo del reato) potrebbe escludere l\u2019iscrizione a modello 21 &#8211; con conseguente iscrizione a\u00a0modello 45, concernente il registro delle notizie non costituenti reato &#8211; trattandosi di soggetto che non ha commesso un fatto \u201cinquadrabile in alcuna fattispecie incriminatrice\u201d, per difetto del correlativo elemento soggettivo.<span class=\"Apple-converted-space\">\u00a0<\/span><\/p><p class=\"p10\"><b>Le attivit\u00e0 di indagine in presenza di cause di giustificazione<\/b><\/p><p class=\"p3\">L\u2019art. 12 c. 2 D.L. 23\/2026, inserisce il <b>nuovo art. 335-<i>quinquies<\/i><\/b>, il cui comma 1 estende al soggetto \u201cannotato\u201d i diritti e le garanzie previste per il soggetto \u201ciscritto\u201d, <i>id est<\/i> indagato.<\/p><p class=\"p3\">I commi successivi disciplinano la conseguente attivit\u00e0 di indagine, che prevede termini definitori accelerati.<\/p><p class=\"p3\">Infatti, il P.M.:<\/p><p class=\"p11\">&#8211; quando non risulti necessario compiere ulteriori accertamenti rispetto a quanto rappresentato nella notizia di reato, assume, senza ritardo e comunque entro 30 giorni dall&#8217;annotazione, determinazioni in ordine alla richiesta di archiviazione;<\/p><p class=\"p11\">&#8211; laddove, invece, ritenga necessario disporre ulteriori accertamenti, tra cui quelli tecnici non ripetibili &#8211; circostanza che, tuttavia, si pone in antitesi con il canone dell\u2019evidenza circa la sussistenza della scriminante che ha portato all\u2019annotazione preliminare &#8211; provvede senza ritardo e, comunque entro 120 giorni dall&#8217;annotazione; all&#8217;esito, assume determinazioni in ordine alla richiesta di archiviazione entro il termine di ulteriori 30 giorni;<span class=\"Apple-converted-space\">\u00a0<\/span><\/p><p class=\"p11\">&#8211; quando si procede a incidente probatorio, provvede all&#8217;iscrizione del nome della persona nel R.G.N.R. (modello 21);<span class=\"Apple-converted-space\">\u00a0<\/span><\/p><p class=\"p11\">&#8211; se procede all&#8217;iscrizione nel R.G.N.R., i termini per la conclusione delle indagini preliminari decorrono dalla data dell&#8217;annotazione preliminare. <span class=\"Apple-converted-space\">\u00a0<\/span><\/p><p class=\"p3\">Non sono previste regole per la richiesta di eventuali proroghe, n\u00e9 per il caso di mancato rispetto dei termini, n\u00e9, tantomeno, per l\u2019ipotesi in cui il giudice, in sede di archiviazione non condivida la scelta verso l\u2019inazione.<\/p><p class=\"p3\">Con decreto 22\/4\/2026, emanato dal Ministro della giustizia ai sensi dell\u2019art. 13 D.L. 23\/2026, \u00e8 stato approvato il nuovo\u00a0Modello 45-<i>bis<\/i>, recante <i>Registro delle annotazioni preliminari del\u00a0nome della persona cui il fatto \u00e8 attribuito in presenza di una causa\u00a0di giustificazione<\/i>, che potr\u00e0 essere tenuto dalle Procure\u00a0della Repubblica presso i Tribunali in forma cartacea, sino alla predisposizione dei relativi modelli informatizzati.\u00a0<\/p><p>\u00a0<\/p><p class=\"p13\"><strong>Avv. Fabio Piccioni<\/strong><\/p><p class=\"p13\"><i>del Foro di Firenze<\/i><\/p>\t\t\t\t\t\t\t\t<\/div>\n\t\t\t\t<\/div>\n\t\t\t\t<div class=\"elementor-element elementor-element-afa6a39 elementor-widget elementor-widget-image\" data-id=\"afa6a39\" data-element_type=\"widget\" data-e-type=\"widget\" data-widget_type=\"image.default\">\n\t\t\t\t<div class=\"elementor-widget-container\">\n\t\t\t\t\t\t\t\t\t\t\t\t\t\t\t<img fetchpriority=\"high\" decoding=\"async\" width=\"1024\" height=\"683\" src=\"https:\/\/www.a-pl.it\/main\/wp-content\/uploads\/2026\/09\/Polizia-in-piazza-civica-1024x683.png\" class=\"attachment-large size-large wp-image-14988\" alt=\"\" srcset=\"https:\/\/www.a-pl.it\/main\/wp-content\/uploads\/2026\/09\/Polizia-in-piazza-civica-1024x683.png 1024w, https:\/\/www.a-pl.it\/main\/wp-content\/uploads\/2026\/09\/Polizia-in-piazza-civica-300x200.png 300w, https:\/\/www.a-pl.it\/main\/wp-content\/uploads\/2026\/09\/Polizia-in-piazza-civica-768x512.png 768w, https:\/\/www.a-pl.it\/main\/wp-content\/uploads\/2026\/09\/Polizia-in-piazza-civica-600x400.png 600w, https:\/\/www.a-pl.it\/main\/wp-content\/uploads\/2026\/09\/Polizia-in-piazza-civica.png 1536w\" sizes=\"(max-width: 1024px) 100vw, 1024px\" \/>\t\t\t\t\t\t\t\t\t\t\t\t\t\t\t<\/div>\n\t\t\t\t<\/div>\n\t\t\t\t<div class=\"elementor-element elementor-element-0e270ca elementor-button-success elementor-align-left elementor-widget__width-inherit elementor-widget elementor-widget-button\" data-id=\"0e270ca\" data-element_type=\"widget\" data-e-type=\"widget\" data-widget_type=\"button.default\">\n\t\t\t\t<div class=\"elementor-widget-container\">\n\t\t\t\t\t\t\t\t\t<div class=\"elementor-button-wrapper\">\n\t\t\t\t\t<a class=\"elementor-button elementor-button-link elementor-size-sm\" href=\"https:\/\/www.a-pl.it\/main\/wp-content\/uploads\/2026\/09\/Disposizioni-attivita-indagine.pdf\">\n\t\t\t\t\t\t<span class=\"elementor-button-content-wrapper\">\n\t\t\t\t\t\t\t\t\t<span class=\"elementor-button-text\">Scarica l'articolo in PDF!<\/span>\n\t\t\t\t\t<\/span>\n\t\t\t\t\t<\/a>\n\t\t\t\t<\/div>\n\t\t\t\t\t\t\t\t<\/div>\n\t\t\t\t<\/div>\n\t\t\t\t\t<\/div>\n\t\t<\/div>\n\t\t\t\t\t<\/div>\n\t\t<\/section>\n\t\t\t\t<section class=\"elementor-section elementor-top-section elementor-element elementor-element-419d5ed elementor-section-boxed elementor-section-height-default elementor-section-height-default\" data-id=\"419d5ed\" data-element_type=\"section\" data-e-type=\"section\">\n\t\t\t\t\t\t<div class=\"elementor-container elementor-column-gap-default\">\n\t\t\t\t\t<div class=\"elementor-column elementor-col-100 elementor-top-column elementor-element elementor-element-e1bb968\" data-id=\"e1bb968\" data-element_type=\"column\" data-e-type=\"column\">\n\t\t\t<div class=\"elementor-widget-wrap\">\n\t\t\t\t\t\t\t<\/div>\n\t\t<\/div>\n\t\t\t\t\t<\/div>\n\t\t<\/section>\n\t\t\t\t<\/div>\n\t\t","protected":false},"excerpt":{"rendered":"<p>Scarica l&#8217;articolo in PDF! Disposizioni in materia di attivit\u00e0 d&#8217;indagine in presenza di cause di giustificazione recate dal decreto sicurezza 2026 \u00a0 Il D.L. 24\/2\/2026 n. 23, recante Disposizioni urgenti in materia di sicurezza pubblica, di attivit\u00e0 di indagine dell&#8217;autorit\u00e0 giudiziaria in presenza di cause di giustificazione, di funzionalit\u00e0 delle forze di polizia e del [&hellip;]<\/p>\n","protected":false},"author":5193,"featured_media":14942,"comment_status":"open","ping_status":"open","sticky":false,"template":"","format":"standard","meta":{"two_page_speed":[],"footnotes":"","_members_access_role":[],"_members_access_error":""},"categories":[140,43,141],"tags":[153,222,184],"class_list":["post-14985","post","type-post","status-publish","format-standard","has-post-thumbnail","hentry","category-communicati-email","category-news","category-newsletter","tag-a-pl","tag-newsletter","tag-polizia-locale"],"meta_box":[],"_links":{"self":[{"href":"https:\/\/www.a-pl.it\/main\/wp-json\/wp\/v2\/posts\/14985","targetHints":{"allow":["GET"]}}],"collection":[{"href":"https:\/\/www.a-pl.it\/main\/wp-json\/wp\/v2\/posts"}],"about":[{"href":"https:\/\/www.a-pl.it\/main\/wp-json\/wp\/v2\/types\/post"}],"author":[{"embeddable":true,"href":"https:\/\/www.a-pl.it\/main\/wp-json\/wp\/v2\/users\/5193"}],"replies":[{"embeddable":true,"href":"https:\/\/www.a-pl.it\/main\/wp-json\/wp\/v2\/comments?post=14985"}],"version-history":[{"count":5,"href":"https:\/\/www.a-pl.it\/main\/wp-json\/wp\/v2\/posts\/14985\/revisions"}],"predecessor-version":[{"id":14994,"href":"https:\/\/www.a-pl.it\/main\/wp-json\/wp\/v2\/posts\/14985\/revisions\/14994"}],"wp:featuredmedia":[{"embeddable":true,"href":"https:\/\/www.a-pl.it\/main\/wp-json\/wp\/v2\/media\/14942"}],"wp:attachment":[{"href":"https:\/\/www.a-pl.it\/main\/wp-json\/wp\/v2\/media?parent=14985"}],"wp:term":[{"taxonomy":"category","embeddable":true,"href":"https:\/\/www.a-pl.it\/main\/wp-json\/wp\/v2\/categories?post=14985"},{"taxonomy":"post_tag","embeddable":true,"href":"https:\/\/www.a-pl.it\/main\/wp-json\/wp\/v2\/tags?post=14985"}],"curies":[{"name":"wp","href":"https:\/\/api.w.org\/{rel}","templated":true}]}}